{"id":327,"date":"2014-06-26T11:50:34","date_gmt":"2014-06-26T09:50:34","guid":{"rendered":"http:\/\/informator.wbp.wroc.pl\/info\/\/?p=327"},"modified":"2026-04-10T13:44:05","modified_gmt":"2026-04-10T11:44:05","slug":"osiecznica","status":"publish","type":"post","link":"https:\/\/informator.wbp.wroc.pl\/info\/osiecznica\/","title":{"rendered":"Osiecznica"},"content":{"rendered":"<p><strong>GMINNA BIBLIOTEKA PUBLICZNA&nbsp;W OSIECZNICY<img loading=\"lazy\" decoding=\"async\" class=\"alignright wp-image-9307\" src=\"http:\/\/informator.wbp.wroc.pl\/info\/wp-content\/uploads\/2014\/06\/logo-300x300.jpg\" alt=\"\" width=\"150\" height=\"150\" srcset=\"https:\/\/informator.wbp.wroc.pl\/info\/wp-content\/uploads\/2014\/06\/logo-300x300.jpg 300w, https:\/\/informator.wbp.wroc.pl\/info\/wp-content\/uploads\/2014\/06\/logo-80x80.jpg 80w, https:\/\/informator.wbp.wroc.pl\/info\/wp-content\/uploads\/2014\/06\/logo-768x768.jpg 768w, https:\/\/informator.wbp.wroc.pl\/info\/wp-content\/uploads\/2014\/06\/logo.jpg 1000w\" sizes=\"(max-width: 150px) 100vw, 150px\" \/><\/strong><br \/>\n59-724 <strong>OSIECZNICA<\/strong>, ul. Piaskowa 1b, pow. boles\u0142awiecki<\/p>\n<p><strong>Telefon:<\/strong> 75\/ 731 21 63<br \/>\n<strong>E-mail: <\/strong><a href=\"javascript:DeCryptX('0g2d2r1A0g2d0p0-3r2u2k3h1d1{0n0i3f0a1\/3s2n')\">gbp@gbp-osiecznica.pl<\/a><br \/>\n<strong>Strona www:<\/strong> <a href=\"https:\/\/osiecznica.naszabiblioteka.com\/\">osiecznica.naszabiblioteka.com<\/a><\/p>\n<p><a href=\"https:\/\/www.facebook.com\/p\/Gminna-Biblioteka-Publiczna-w-Osiecznicy-100071321054602\/?locale=pl_PL\"><img loading=\"lazy\" decoding=\"async\" class=\"alignnone wp-image-345\" src=\"http:\/\/informator.wbp.wroc.pl\/info\/wp-content\/uploads\/2014\/06\/FB.jpg\" alt=\"\" width=\"40\" height=\"38\" srcset=\"https:\/\/informator.wbp.wroc.pl\/info\/wp-content\/uploads\/2014\/06\/FB.jpg 193w, https:\/\/informator.wbp.wroc.pl\/info\/wp-content\/uploads\/2014\/06\/FB-80x75.jpg 80w\" sizes=\"(max-width: 40px) 100vw, 40px\" \/><\/a><\/p>\n<hr \/>\n<p><strong>Rok za\u0142o\u017cenia biblioteki:<\/strong> 1949<br \/>\n<strong style=\"line-height: 1.5;\">Status biblioteki:<\/strong><span style=\"line-height: 1.5;\"> biblioteka gminy wiejskiej<br \/>\n<\/span><strong style=\"line-height: 1.5;\">Dyrektor:<\/strong><span style=\"line-height: 1.5;\">&nbsp;Joanna Mazur<br \/>\n<\/span><\/p>\n<p><strong>System biblioteczny:<\/strong> MAK<\/p>\n<p><strong>Filie:<\/strong><br \/>\n<a title=\"\u0141awszowa\" href=\"http:\/\/informator.wbp.wroc.pl\/info\/\/lawszowa\/\">\u0141awszowa<\/a><br \/>\n<a title=\"Osiecz\u00f3w\" href=\"http:\/\/informator.wbp.wroc.pl\/info\/\/osieczow\/\">Tomis\u0142aw<\/a><br \/>\n<a title=\"Parowa\" href=\"http:\/\/informator.wbp.wroc.pl\/info\/\/parowa\/\">Parowa<\/a><br \/>\n<a title=\"Przej\u0119s\u0142aw\" href=\"http:\/\/informator.wbp.wroc.pl\/info\/\/przejeslaw\/\">Przej\u0119s\u0142aw<\/a><br \/>\n<a title=\"\u015awi\u0119tosz\u00f3w\" href=\"http:\/\/informator.wbp.wroc.pl\/info\/\/swietoszow\/\">\u015awi\u0119tosz\u00f3w<\/a><\/p>\n<hr \/>\n<p>&nbsp;<\/p>\n<p><!-- index.php -->\n<div\n\tclass=\"ngg-galleryoverview\n\t\t\"\n\tid=\"ngg-gallery-0cf1045ce79587b06ba1ccad979ce84b-1\">\n\n\t\t\t<!-- Thumbnails -->\n\t\t\t\t<div id=\"ngg-image-0\" class=\"ngg-gallery-thumbnail-box\" \n\t\t\t\t\t\t\t\t\t\t\t>\n\t\t\t\t\t\t<div class=\"ngg-gallery-thumbnail\">\n\t\t\t<a href=\"https:\/\/informator.wbp.wroc.pl\/info\/wp-content\/gallery\/osiecznica\/Osiecznica_01.JPG\"\n\t\t\t\ttitle=\"\"\n\t\t\t\tdata-src=\"https:\/\/informator.wbp.wroc.pl\/info\/wp-content\/gallery\/osiecznica\/Osiecznica_01.JPG\"\n\t\t\t\tdata-thumbnail=\"https:\/\/informator.wbp.wroc.pl\/info\/wp-content\/gallery\/osiecznica\/thumbs\/thumbs_Osiecznica_01.JPG\"\n\t\t\t\tdata-image-id=\"13\"\n\t\t\t\tdata-title=\"Osiecznica_01\"\n\t\t\t\tdata-description=\"\"\n\t\t\t\tdata-image-slug=\"osiecznica_01\"\n\t\t\t\tclass=\"ngg-fancybox\" rel=\"0cf1045ce79587b06ba1ccad979ce84b\">\n\t\t\t\t<img\n\t\t\t\t\ttitle=\"Osiecznica_01\"\n\t\t\t\t\talt=\"Osiecznica_01\"\n\t\t\t\t\tsrc=\"https:\/\/informator.wbp.wroc.pl\/info\/wp-content\/gallery\/osiecznica\/thumbs\/thumbs_Osiecznica_01.JPG\"\n\t\t\t\t\twidth=\"120\"\n\t\t\t\t\theight=\"90\"\n\t\t\t\t\tstyle=\"max-width:100%;\"\n\t\t\t\t\/>\n\t\t\t<\/a>\n\t\t<\/div>\n\t\t\t\t\t\t\t<\/div> \n\t\t\t\n\t\t\n\t\t\t\t<div id=\"ngg-image-1\" class=\"ngg-gallery-thumbnail-box\" \n\t\t\t\t\t\t\t\t\t\t\t>\n\t\t\t\t\t\t<div class=\"ngg-gallery-thumbnail\">\n\t\t\t<a href=\"https:\/\/informator.wbp.wroc.pl\/info\/wp-content\/gallery\/osiecznica\/Osiecznica_02.JPG\"\n\t\t\t\ttitle=\" \"\n\t\t\t\tdata-src=\"https:\/\/informator.wbp.wroc.pl\/info\/wp-content\/gallery\/osiecznica\/Osiecznica_02.JPG\"\n\t\t\t\tdata-thumbnail=\"https:\/\/informator.wbp.wroc.pl\/info\/wp-content\/gallery\/osiecznica\/thumbs\/thumbs_Osiecznica_02.JPG\"\n\t\t\t\tdata-image-id=\"14\"\n\t\t\t\tdata-title=\"&lt;SAMSUNG DIGITAL CAMERA&gt;\"\n\t\t\t\tdata-description=\" \"\n\t\t\t\tdata-image-slug=\"osiecznica_02\"\n\t\t\t\tclass=\"ngg-fancybox\" rel=\"0cf1045ce79587b06ba1ccad979ce84b\">\n\t\t\t\t<img\n\t\t\t\t\ttitle=\"&lt;SAMSUNG DIGITAL CAMERA&gt;\"\n\t\t\t\t\talt=\"&lt;SAMSUNG DIGITAL CAMERA&gt;\"\n\t\t\t\t\tsrc=\"https:\/\/informator.wbp.wroc.pl\/info\/wp-content\/gallery\/osiecznica\/thumbs\/thumbs_Osiecznica_02.JPG\"\n\t\t\t\t\twidth=\"120\"\n\t\t\t\t\theight=\"90\"\n\t\t\t\t\tstyle=\"max-width:100%;\"\n\t\t\t\t\/>\n\t\t\t<\/a>\n\t\t<\/div>\n\t\t\t\t\t\t\t<\/div> \n\t\t\t\n\t\t\n\t\t\t\t<div id=\"ngg-image-2\" class=\"ngg-gallery-thumbnail-box\" \n\t\t\t\t\t\t\t\t\t\t\t>\n\t\t\t\t\t\t<div class=\"ngg-gallery-thumbnail\">\n\t\t\t<a href=\"https:\/\/informator.wbp.wroc.pl\/info\/wp-content\/gallery\/osiecznica\/Osiecznica_03.JPG\"\n\t\t\t\ttitle=\" \"\n\t\t\t\tdata-src=\"https:\/\/informator.wbp.wroc.pl\/info\/wp-content\/gallery\/osiecznica\/Osiecznica_03.JPG\"\n\t\t\t\tdata-thumbnail=\"https:\/\/informator.wbp.wroc.pl\/info\/wp-content\/gallery\/osiecznica\/thumbs\/thumbs_Osiecznica_03.JPG\"\n\t\t\t\tdata-image-id=\"15\"\n\t\t\t\tdata-title=\"&lt;SAMSUNG DIGITAL CAMERA&gt;\"\n\t\t\t\tdata-description=\" \"\n\t\t\t\tdata-image-slug=\"osiecznica_03\"\n\t\t\t\tclass=\"ngg-fancybox\" rel=\"0cf1045ce79587b06ba1ccad979ce84b\">\n\t\t\t\t<img\n\t\t\t\t\ttitle=\"&lt;SAMSUNG DIGITAL CAMERA&gt;\"\n\t\t\t\t\talt=\"&lt;SAMSUNG DIGITAL CAMERA&gt;\"\n\t\t\t\t\tsrc=\"https:\/\/informator.wbp.wroc.pl\/info\/wp-content\/gallery\/osiecznica\/thumbs\/thumbs_Osiecznica_03.JPG\"\n\t\t\t\t\twidth=\"120\"\n\t\t\t\t\theight=\"90\"\n\t\t\t\t\tstyle=\"max-width:100%;\"\n\t\t\t\t\/>\n\t\t\t<\/a>\n\t\t<\/div>\n\t\t\t\t\t\t\t<\/div> \n\t\t\t\n\t\t\n\t\t\n\t\t<!-- Pagination -->\n\t\t<div class='ngg-clear'><\/div>\t<\/div>\n<\/p>\n","protected":false},"excerpt":{"rendered":"<p>GMINNA BIBLIOTEKA PUBLICZNA&nbsp;W OSIECZNICY 59-724 OSIECZNICA, ul. Piaskowa 1b, pow. boles\u0142awiecki Telefon: 75\/ 731 21 63 E-mail: <a href=\"javascript:DeCryptX('3j3e2r1A0g3e0p0-0o3v1j0e3f0z0n1j1d0a313s0l')\">gbp@gbp-osiecznica.pl<\/a> Strona www: osiecznica.naszabiblioteka.com Rok za\u0142o\u017cenia biblioteki: 1949 Status biblioteki: biblioteka gminy wiejskiej Dyrektor:&nbsp;Joanna Mazur System biblioteczny: MAK Filie: \u0141awszowa Tomis\u0142aw Parowa Przej\u0119s\u0142aw \u015awi\u0119tosz\u00f3w &nbsp;<\/p>\n","protected":false},"author":3,"featured_media":0,"comment_status":"closed","ping_status":"closed","sticky":false,"template":"","format":"standard","meta":{"ngg_post_thumbnail":0,"footnotes":""},"categories":[4,42],"tags":[],"_links":{"self":[{"href":"https:\/\/informator.wbp.wroc.pl\/info\/wp-json\/wp\/v2\/posts\/327"}],"collection":[{"href":"https:\/\/informator.wbp.wroc.pl\/info\/wp-json\/wp\/v2\/posts"}],"about":[{"href":"https:\/\/informator.wbp.wroc.pl\/info\/wp-json\/wp\/v2\/types\/post"}],"author":[{"embeddable":true,"href":"https:\/\/informator.wbp.wroc.pl\/info\/wp-json\/wp\/v2\/users\/3"}],"replies":[{"embeddable":true,"href":"https:\/\/informator.wbp.wroc.pl\/info\/wp-json\/wp\/v2\/comments?post=327"}],"version-history":[{"count":15,"href":"https:\/\/informator.wbp.wroc.pl\/info\/wp-json\/wp\/v2\/posts\/327\/revisions"}],"predecessor-version":[{"id":10499,"href":"https:\/\/informator.wbp.wroc.pl\/info\/wp-json\/wp\/v2\/posts\/327\/revisions\/10499"}],"wp:attachment":[{"href":"https:\/\/informator.wbp.wroc.pl\/info\/wp-json\/wp\/v2\/media?parent=327"}],"wp:term":[{"taxonomy":"category","embeddable":true,"href":"https:\/\/informator.wbp.wroc.pl\/info\/wp-json\/wp\/v2\/categories?post=327"},{"taxonomy":"post_tag","embeddable":true,"href":"https:\/\/informator.wbp.wroc.pl\/info\/wp-json\/wp\/v2\/tags?post=327"}],"curies":[{"name":"wp","href":"https:\/\/api.w.org\/{rel}","templated":true}]}}