{"id":2416,"date":"2014-08-11T08:58:55","date_gmt":"2014-08-11T06:58:55","guid":{"rendered":"http:\/\/informator.wbp.wroc.pl\/info\/\/?p=2416"},"modified":"2025-06-25T08:33:02","modified_gmt":"2025-06-25T06:33:02","slug":"wegliniec","status":"publish","type":"post","link":"https:\/\/informator.wbp.wroc.pl\/info\/wegliniec\/","title":{"rendered":"W\u0119gliniec"},"content":{"rendered":"<p><strong>GMINNE CENTUM KULTURY, SPORTU I REKREACJI W W\u0118GLI\u0143CU<img loading=\"lazy\" decoding=\"async\" class=\"alignright wp-image-9000\" src=\"http:\/\/informator.wbp.wroc.pl\/info\/wp-content\/uploads\/2014\/08\/logo-GCKSIR-300x212.jpeg\" alt=\"\" width=\"150\" height=\"106\" srcset=\"https:\/\/informator.wbp.wroc.pl\/info\/wp-content\/uploads\/2014\/08\/logo-GCKSIR-300x212.jpeg 300w, https:\/\/informator.wbp.wroc.pl\/info\/wp-content\/uploads\/2014\/08\/logo-GCKSIR-80x57.jpeg 80w, https:\/\/informator.wbp.wroc.pl\/info\/wp-content\/uploads\/2014\/08\/logo-GCKSIR.jpeg 320w\" sizes=\"(max-width: 150px) 100vw, 150px\" \/><br \/>\n<\/strong>59-940 <strong>W\u0118GLINIEC<\/strong>, ul. Plac Wolno\u015bci 1, pow. zgorzelecki<\/p>\n<p><strong>Biblioteka Publiczna<\/strong><br \/>\n59-940 <strong>W\u0118GLINIEC<\/strong>, ul. Wojty\u0142y 10, pow. zgorzelecki<\/p>\n<p><strong>Telefon:<\/strong> 75\/ 723 62 29 (GCKSIR), 75\/ 771 25 10 (Biblioteka)<br \/>\n<strong>E-mail: <\/strong>dyrektor@gcksirwegliniec.pl, <a href=\"javascript:DeCryptX('3n3e1b0r0t1v2u2k3d1l1A0g1d2m1t2k0r3z2g3j3o3l0n3l0e0c202r1m')\">kbartusiak@gcksirwegliniec.pl<\/a>&nbsp;<br \/>\n<strong>Strona www:<\/strong> <a href=\"http:\/\/www.gcksirwegliniec.pl\/\">gcksirwegliniec.pl<\/a><\/p>\n<p><a href=\"https:\/\/www.facebook.com\/pages\/category\/Library\/Biblioteka-Publiczna-w-W%C4%99gli%C5%84cu-247788909158303\/\"><img loading=\"lazy\" decoding=\"async\" class=\"alignnone wp-image-345\" src=\"http:\/\/informator.wbp.wroc.pl\/info\/wp-content\/uploads\/2014\/06\/FB.jpg\" alt=\"\" width=\"40\" height=\"38\" srcset=\"https:\/\/informator.wbp.wroc.pl\/info\/wp-content\/uploads\/2014\/06\/FB.jpg 193w, https:\/\/informator.wbp.wroc.pl\/info\/wp-content\/uploads\/2014\/06\/FB-80x75.jpg 80w\" sizes=\"(max-width: 40px) 100vw, 40px\" \/><\/a><\/p>\n<hr \/>\n<p><strong>Rok za\u0142o\u017cenia biblioteki:<\/strong> 1948<br \/>\n<strong>Status biblioteki:<\/strong> biblioteka gminy miejsko-wiejskiej<br \/>\n<strong>Dyrektor O\u015brodka:<\/strong> Joanna Gardulska<\/p>\n<p><strong>System biblioteczny:<\/strong> MAK+<\/p>\n<p><strong>Filie:<\/strong><br \/>\n<a title=\"Czerwona Woda\" href=\"http:\/\/informator.wbp.wroc.pl\/info\/\/czerwona-woda\/\">Czerwona Woda<\/a><br \/>\n<a title=\"Jagodzin\" href=\"http:\/\/informator.wbp.wroc.pl\/info\/\/jagodzin\/\">Jagodzin<\/a><br \/>\n<a title=\"Rusz\u00f3w\" href=\"http:\/\/informator.wbp.wroc.pl\/info\/\/ruszow\/\">Rusz\u00f3w<\/a><br \/>\n<a title=\"Stary W\u0119gliniec\" href=\"http:\/\/informator.wbp.wroc.pl\/info\/\/stary-wegliniec\/\">Stary W\u0119gliniec<\/a><\/p>\n<hr \/>\n<!-- index.php -->\n<div\n\tclass=\"ngg-galleryoverview\n\t ngg-ajax-pagination-none\t\"\n\tid=\"ngg-gallery-65455487c113f203cc1b6c039c7fafd7-1\">\n\n\t\t<div class=\"slideshowlink\">\n\t\t<a href='https:\/\/informator.wbp.wroc.pl\/info\/wegliniec\/nggallery\/slideshow'>[Show slideshow]<\/a>\n\t\t\n\t<\/div>\n\t\t\t<!-- Thumbnails -->\n\t\t\t\t<div id=\"ngg-image-0\" class=\"ngg-gallery-thumbnail-box\" \n\t\t\t\t\t\t\t\t\t\t\t>\n\t\t\t\t\t\t<div class=\"ngg-gallery-thumbnail\">\n\t\t\t<a href=\"https:\/\/informator.wbp.wroc.pl\/info\/wp-content\/gallery\/wegliniec\/wegliniec-1.jpg\"\n\t\t\t\ttitle=\"\"\n\t\t\t\tdata-src=\"https:\/\/informator.wbp.wroc.pl\/info\/wp-content\/gallery\/wegliniec\/wegliniec-1.jpg\"\n\t\t\t\tdata-thumbnail=\"https:\/\/informator.wbp.wroc.pl\/info\/wp-content\/gallery\/wegliniec\/thumbs\/thumbs_wegliniec-1.jpg\"\n\t\t\t\tdata-image-id=\"1269\"\n\t\t\t\tdata-title=\"wegliniec-1\"\n\t\t\t\tdata-description=\"\"\n\t\t\t\tdata-image-slug=\"wegliniec-1\"\n\t\t\t\tclass=\"ngg-fancybox\" rel=\"65455487c113f203cc1b6c039c7fafd7\">\n\t\t\t\t<img\n\t\t\t\t\ttitle=\"wegliniec-1\"\n\t\t\t\t\talt=\"wegliniec-1\"\n\t\t\t\t\tsrc=\"https:\/\/informator.wbp.wroc.pl\/info\/wp-content\/gallery\/wegliniec\/thumbs\/thumbs_wegliniec-1.jpg\"\n\t\t\t\t\twidth=\"120\"\n\t\t\t\t\theight=\"90\"\n\t\t\t\t\tstyle=\"max-width:100%;\"\n\t\t\t\t\/>\n\t\t\t<\/a>\n\t\t<\/div>\n\t\t\t\t\t\t\t<\/div> \n\t\t\t\n\t\t\n\t\t\t\t<div id=\"ngg-image-1\" class=\"ngg-gallery-thumbnail-box\" \n\t\t\t\t\t\t\t\t\t\t\t>\n\t\t\t\t\t\t<div class=\"ngg-gallery-thumbnail\">\n\t\t\t<a href=\"https:\/\/informator.wbp.wroc.pl\/info\/wp-content\/gallery\/wegliniec\/wegliniec-2.jpg\"\n\t\t\t\ttitle=\"\"\n\t\t\t\tdata-src=\"https:\/\/informator.wbp.wroc.pl\/info\/wp-content\/gallery\/wegliniec\/wegliniec-2.jpg\"\n\t\t\t\tdata-thumbnail=\"https:\/\/informator.wbp.wroc.pl\/info\/wp-content\/gallery\/wegliniec\/thumbs\/thumbs_wegliniec-2.jpg\"\n\t\t\t\tdata-image-id=\"1270\"\n\t\t\t\tdata-title=\"wegliniec-2\"\n\t\t\t\tdata-description=\"\"\n\t\t\t\tdata-image-slug=\"wegliniec-2\"\n\t\t\t\tclass=\"ngg-fancybox\" rel=\"65455487c113f203cc1b6c039c7fafd7\">\n\t\t\t\t<img\n\t\t\t\t\ttitle=\"wegliniec-2\"\n\t\t\t\t\talt=\"wegliniec-2\"\n\t\t\t\t\tsrc=\"https:\/\/informator.wbp.wroc.pl\/info\/wp-content\/gallery\/wegliniec\/thumbs\/thumbs_wegliniec-2.jpg\"\n\t\t\t\t\twidth=\"120\"\n\t\t\t\t\theight=\"90\"\n\t\t\t\t\tstyle=\"max-width:100%;\"\n\t\t\t\t\/>\n\t\t\t<\/a>\n\t\t<\/div>\n\t\t\t\t\t\t\t<\/div> \n\t\t\t\n\t\t\n\t\t\t\t<div id=\"ngg-image-2\" class=\"ngg-gallery-thumbnail-box\" \n\t\t\t\t\t\t\t\t\t\t\t>\n\t\t\t\t\t\t<div class=\"ngg-gallery-thumbnail\">\n\t\t\t<a href=\"https:\/\/informator.wbp.wroc.pl\/info\/wp-content\/gallery\/wegliniec\/wegliniec-3.jpg\"\n\t\t\t\ttitle=\"\"\n\t\t\t\tdata-src=\"https:\/\/informator.wbp.wroc.pl\/info\/wp-content\/gallery\/wegliniec\/wegliniec-3.jpg\"\n\t\t\t\tdata-thumbnail=\"https:\/\/informator.wbp.wroc.pl\/info\/wp-content\/gallery\/wegliniec\/thumbs\/thumbs_wegliniec-3.jpg\"\n\t\t\t\tdata-image-id=\"1271\"\n\t\t\t\tdata-title=\"wegliniec-3\"\n\t\t\t\tdata-description=\"\"\n\t\t\t\tdata-image-slug=\"wegliniec-3\"\n\t\t\t\tclass=\"ngg-fancybox\" rel=\"65455487c113f203cc1b6c039c7fafd7\">\n\t\t\t\t<img\n\t\t\t\t\ttitle=\"wegliniec-3\"\n\t\t\t\t\talt=\"wegliniec-3\"\n\t\t\t\t\tsrc=\"https:\/\/informator.wbp.wroc.pl\/info\/wp-content\/gallery\/wegliniec\/thumbs\/thumbs_wegliniec-3.jpg\"\n\t\t\t\t\twidth=\"120\"\n\t\t\t\t\theight=\"90\"\n\t\t\t\t\tstyle=\"max-width:100%;\"\n\t\t\t\t\/>\n\t\t\t<\/a>\n\t\t<\/div>\n\t\t\t\t\t\t\t<\/div> \n\t\t\t\n\t\t\n\t\t\t\t<div id=\"ngg-image-3\" class=\"ngg-gallery-thumbnail-box\" \n\t\t\t\t\t\t\t\t\t\t\t>\n\t\t\t\t\t\t<div class=\"ngg-gallery-thumbnail\">\n\t\t\t<a href=\"https:\/\/informator.wbp.wroc.pl\/info\/wp-content\/gallery\/wegliniec\/wegliniec-4.jpg\"\n\t\t\t\ttitle=\"\"\n\t\t\t\tdata-src=\"https:\/\/informator.wbp.wroc.pl\/info\/wp-content\/gallery\/wegliniec\/wegliniec-4.jpg\"\n\t\t\t\tdata-thumbnail=\"https:\/\/informator.wbp.wroc.pl\/info\/wp-content\/gallery\/wegliniec\/thumbs\/thumbs_wegliniec-4.jpg\"\n\t\t\t\tdata-image-id=\"1272\"\n\t\t\t\tdata-title=\"wegliniec-4\"\n\t\t\t\tdata-description=\"\"\n\t\t\t\tdata-image-slug=\"wegliniec-4\"\n\t\t\t\tclass=\"ngg-fancybox\" rel=\"65455487c113f203cc1b6c039c7fafd7\">\n\t\t\t\t<img\n\t\t\t\t\ttitle=\"wegliniec-4\"\n\t\t\t\t\talt=\"wegliniec-4\"\n\t\t\t\t\tsrc=\"https:\/\/informator.wbp.wroc.pl\/info\/wp-content\/gallery\/wegliniec\/thumbs\/thumbs_wegliniec-4.jpg\"\n\t\t\t\t\twidth=\"120\"\n\t\t\t\t\theight=\"90\"\n\t\t\t\t\tstyle=\"max-width:100%;\"\n\t\t\t\t\/>\n\t\t\t<\/a>\n\t\t<\/div>\n\t\t\t\t\t\t\t<\/div> \n\t\t\t\n\t\t\n\t\t\t\t<div id=\"ngg-image-4\" class=\"ngg-gallery-thumbnail-box\" \n\t\t\t\t\t\t\t\t\t\t\t>\n\t\t\t\t\t\t<div class=\"ngg-gallery-thumbnail\">\n\t\t\t<a href=\"https:\/\/informator.wbp.wroc.pl\/info\/wp-content\/gallery\/wegliniec\/wegliniec-5.jpg\"\n\t\t\t\ttitle=\"\"\n\t\t\t\tdata-src=\"https:\/\/informator.wbp.wroc.pl\/info\/wp-content\/gallery\/wegliniec\/wegliniec-5.jpg\"\n\t\t\t\tdata-thumbnail=\"https:\/\/informator.wbp.wroc.pl\/info\/wp-content\/gallery\/wegliniec\/thumbs\/thumbs_wegliniec-5.jpg\"\n\t\t\t\tdata-image-id=\"1273\"\n\t\t\t\tdata-title=\"wegliniec-5\"\n\t\t\t\tdata-description=\"\"\n\t\t\t\tdata-image-slug=\"wegliniec-5\"\n\t\t\t\tclass=\"ngg-fancybox\" rel=\"65455487c113f203cc1b6c039c7fafd7\">\n\t\t\t\t<img\n\t\t\t\t\ttitle=\"wegliniec-5\"\n\t\t\t\t\talt=\"wegliniec-5\"\n\t\t\t\t\tsrc=\"https:\/\/informator.wbp.wroc.pl\/info\/wp-content\/gallery\/wegliniec\/thumbs\/thumbs_wegliniec-5.jpg\"\n\t\t\t\t\twidth=\"120\"\n\t\t\t\t\theight=\"90\"\n\t\t\t\t\tstyle=\"max-width:100%;\"\n\t\t\t\t\/>\n\t\t\t<\/a>\n\t\t<\/div>\n\t\t\t\t\t\t\t<\/div> \n\t\t\t\n\t\t\n\t\t\n\t\t<!-- Pagination -->\n\t\t<div class='ngg-clear'><\/div>\t<\/div>\n\n","protected":false},"excerpt":{"rendered":"<p>GMINNE CENTUM KULTURY, SPORTU I REKREACJI W W\u0118GLI\u0143CU 59-940 W\u0118GLINIEC, ul. Plac Wolno\u015bci 1, pow. zgorzelecki Biblioteka Publiczna 59-940 W\u0118GLINIEC, ul. Wojty\u0142y 10, pow. zgorzelecki Telefon: 75\/ 723 62 29 (GCKSIR), 75\/ 771 25 10 (Biblioteka) E-mail: <a href=\"javascript:DeCryptX('3g1z0r2g3n1u2q0r0@2i3f3n2u1j0r3z2g3j2n2k0n2k0e3f310p1m')\">dyrektor@gcksirwegliniec.pl<\/a>, <a href=\"javascript:DeCryptX('3n2d3d0r0t2w0s0i2c2m3C1h0c0k2u1j2t2y2g2i1m3l1o2k3h0c1\/1q0l')\">kbartusiak@gcksirwegliniec.pl<\/a>&nbsp; Strona www: gcksirwegliniec.pl Rok za\u0142o\u017cenia biblioteki: 1948 Status biblioteki: biblioteka gminy miejsko-wiejskiej Dyrektor O\u015brodka: Joanna Gardulska &hellip; <a href=\"https:\/\/informator.wbp.wroc.pl\/info\/wegliniec\/\" class=\"more-link\">Czytaj dalej <span class=\"screen-reader-text\">W\u0119gliniec<\/span> <span class=\"meta-nav\">&rarr;<\/span><\/a><\/p>\n","protected":false},"author":3,"featured_media":0,"comment_status":"closed","ping_status":"closed","sticky":false,"template":"","format":"standard","meta":{"ngg_post_thumbnail":0,"footnotes":""},"categories":[49,28],"tags":[],"_links":{"self":[{"href":"https:\/\/informator.wbp.wroc.pl\/info\/wp-json\/wp\/v2\/posts\/2416"}],"collection":[{"href":"https:\/\/informator.wbp.wroc.pl\/info\/wp-json\/wp\/v2\/posts"}],"about":[{"href":"https:\/\/informator.wbp.wroc.pl\/info\/wp-json\/wp\/v2\/types\/post"}],"author":[{"embeddable":true,"href":"https:\/\/informator.wbp.wroc.pl\/info\/wp-json\/wp\/v2\/users\/3"}],"replies":[{"embeddable":true,"href":"https:\/\/informator.wbp.wroc.pl\/info\/wp-json\/wp\/v2\/comments?post=2416"}],"version-history":[{"count":19,"href":"https:\/\/informator.wbp.wroc.pl\/info\/wp-json\/wp\/v2\/posts\/2416\/revisions"}],"predecessor-version":[{"id":9782,"href":"https:\/\/informator.wbp.wroc.pl\/info\/wp-json\/wp\/v2\/posts\/2416\/revisions\/9782"}],"wp:attachment":[{"href":"https:\/\/informator.wbp.wroc.pl\/info\/wp-json\/wp\/v2\/media?parent=2416"}],"wp:term":[{"taxonomy":"category","embeddable":true,"href":"https:\/\/informator.wbp.wroc.pl\/info\/wp-json\/wp\/v2\/categories?post=2416"},{"taxonomy":"post_tag","embeddable":true,"href":"https:\/\/informator.wbp.wroc.pl\/info\/wp-json\/wp\/v2\/tags?post=2416"}],"curies":[{"name":"wp","href":"https:\/\/api.w.org\/{rel}","templated":true}]}}