{"id":2267,"date":"2014-08-08T10:55:29","date_gmt":"2014-08-08T08:55:29","guid":{"rendered":"http:\/\/informator.wbp.wroc.pl\/info\/\/?p=2267"},"modified":"2026-03-20T12:11:03","modified_gmt":"2026-03-20T11:11:03","slug":"bardo","status":"publish","type":"post","link":"https:\/\/informator.wbp.wroc.pl\/info\/bardo\/","title":{"rendered":"Bardo"},"content":{"rendered":"<p><strong>CENTRUM KULTURY I BIBLIOTEKA&nbsp;W BARDZIE<\/strong><br \/>\n57-256 Bardo, ul. Kolejowa 12, pow. z\u0105bkowicki<\/p>\n<p><strong>Telefon:<\/strong> 74\/ 817 15 02<br \/>\n<strong>E-mail:<\/strong> <a href=\"javascript:DeCryptX('3e2r3e2c1s3g0o2B1h0m1b0i3o311d3r0m')\">bpbardo@gmail.com<\/a>; &nbsp;centrum@bardo.pl<\/p>\n<p><a href=\"https:\/\/pl-pl.facebook.com\/CentrumKulturyBardo\/\"><img loading=\"lazy\" decoding=\"async\" class=\"alignnone wp-image-345\" src=\"http:\/\/informator.wbp.wroc.pl\/info\/wp-content\/uploads\/2014\/06\/FB.jpg\" alt=\"\" width=\"40\" height=\"38\" srcset=\"https:\/\/informator.wbp.wroc.pl\/info\/wp-content\/uploads\/2014\/06\/FB.jpg 193w, https:\/\/informator.wbp.wroc.pl\/info\/wp-content\/uploads\/2014\/06\/FB-80x75.jpg 80w\" sizes=\"(max-width: 40px) 100vw, 40px\" \/><\/a><\/p>\n<hr \/>\n<p><strong>Rok za\u0142o\u017cenia biblioteki:<\/strong> 1952<br \/>\n<strong>Status biblioteki:<\/strong> biblioteka gminy miejsko-wiejskiej<br \/>\n<strong>Dyrektor:<\/strong> Jaros\u0142aw Rudnicki<\/p>\n<p><strong>System biblioteczny:<\/strong> Mateusz<\/p>\n<p><strong>Filie:<\/strong><br \/>\n<a title=\"Brze\u017anica\" href=\"http:\/\/informator.wbp.wroc.pl\/info\/\/brzeznica\/\">Brze\u017anica<\/a><br \/>\n<a title=\"Przy\u0142\u0119k\" href=\"http:\/\/informator.wbp.wroc.pl\/info\/\/przylek\/\">Przy\u0142\u0119k<\/a><\/p>\n<p><!-- index.php -->\n<div\n\tclass=\"ngg-galleryoverview\n\t\t\"\n\tid=\"ngg-gallery-8e79a4123f9640cf98097e9b35c16ddc-1\">\n\n\t\t\t<!-- Thumbnails -->\n\t\t\t\t<div id=\"ngg-image-0\" class=\"ngg-gallery-thumbnail-box\" \n\t\t\t\t\t\t\t\t\t\t\t>\n\t\t\t\t\t\t<div class=\"ngg-gallery-thumbnail\">\n\t\t\t<a href=\"https:\/\/informator.wbp.wroc.pl\/info\/wp-content\/gallery\/bardo\/Bardo_01.JPG\"\n\t\t\t\ttitle=\"\"\n\t\t\t\tdata-src=\"https:\/\/informator.wbp.wroc.pl\/info\/wp-content\/gallery\/bardo\/Bardo_01.JPG\"\n\t\t\t\tdata-thumbnail=\"https:\/\/informator.wbp.wroc.pl\/info\/wp-content\/gallery\/bardo\/thumbs\/thumbs_Bardo_01.JPG\"\n\t\t\t\tdata-image-id=\"470\"\n\t\t\t\tdata-title=\"Bardo_01\"\n\t\t\t\tdata-description=\"\"\n\t\t\t\tdata-image-slug=\"bardo_01\"\n\t\t\t\tclass=\"ngg-fancybox\" rel=\"8e79a4123f9640cf98097e9b35c16ddc\">\n\t\t\t\t<img\n\t\t\t\t\ttitle=\"Bardo_01\"\n\t\t\t\t\talt=\"Bardo_01\"\n\t\t\t\t\tsrc=\"https:\/\/informator.wbp.wroc.pl\/info\/wp-content\/gallery\/bardo\/thumbs\/thumbs_Bardo_01.JPG\"\n\t\t\t\t\twidth=\"120\"\n\t\t\t\t\theight=\"90\"\n\t\t\t\t\tstyle=\"max-width:100%;\"\n\t\t\t\t\/>\n\t\t\t<\/a>\n\t\t<\/div>\n\t\t\t\t\t\t\t<\/div> \n\t\t\t\n\t\t\n\t\t\t\t<div id=\"ngg-image-1\" class=\"ngg-gallery-thumbnail-box\" \n\t\t\t\t\t\t\t\t\t\t\t>\n\t\t\t\t\t\t<div class=\"ngg-gallery-thumbnail\">\n\t\t\t<a href=\"https:\/\/informator.wbp.wroc.pl\/info\/wp-content\/gallery\/bardo\/Bardo_02.JPG\"\n\t\t\t\ttitle=\" \"\n\t\t\t\tdata-src=\"https:\/\/informator.wbp.wroc.pl\/info\/wp-content\/gallery\/bardo\/Bardo_02.JPG\"\n\t\t\t\tdata-thumbnail=\"https:\/\/informator.wbp.wroc.pl\/info\/wp-content\/gallery\/bardo\/thumbs\/thumbs_Bardo_02.JPG\"\n\t\t\t\tdata-image-id=\"471\"\n\t\t\t\tdata-title=\"Bardo_02\"\n\t\t\t\tdata-description=\" \"\n\t\t\t\tdata-image-slug=\"bardo_02\"\n\t\t\t\tclass=\"ngg-fancybox\" rel=\"8e79a4123f9640cf98097e9b35c16ddc\">\n\t\t\t\t<img\n\t\t\t\t\ttitle=\"Bardo_02\"\n\t\t\t\t\talt=\"Bardo_02\"\n\t\t\t\t\tsrc=\"https:\/\/informator.wbp.wroc.pl\/info\/wp-content\/gallery\/bardo\/thumbs\/thumbs_Bardo_02.JPG\"\n\t\t\t\t\twidth=\"120\"\n\t\t\t\t\theight=\"90\"\n\t\t\t\t\tstyle=\"max-width:100%;\"\n\t\t\t\t\/>\n\t\t\t<\/a>\n\t\t<\/div>\n\t\t\t\t\t\t\t<\/div> \n\t\t\t\n\t\t\n\t\t\n\t\t<!-- Pagination -->\n\t\t<div class='ngg-clear'><\/div>\t<\/div>\n<\/p>\n","protected":false},"excerpt":{"rendered":"<p>CENTRUM KULTURY I BIBLIOTEKA&nbsp;W BARDZIE 57-256 Bardo, ul. Kolejowa 12, pow. z\u0105bkowicki Telefon: 74\/ 817 15 02 E-mail: <a href=\"javascript:DeCryptX('3e0p2d2c0r0d0o1A0g3p0a3l3o1\/0c2q3p')\">bpbardo@gmail.com<\/a>; &nbsp;centrum@bardo.pl Rok za\u0142o\u017cenia biblioteki: 1952 Status biblioteki: biblioteka gminy miejsko-wiejskiej Dyrektor: Jaros\u0142aw Rudnicki System biblioteczny: Mateusz Filie: Brze\u017anica Przy\u0142\u0119k<\/p>\n","protected":false},"author":3,"featured_media":0,"comment_status":"closed","ping_status":"closed","sticky":false,"template":"","format":"standard","meta":{"ngg_post_thumbnail":0,"footnotes":""},"categories":[30,27],"tags":[],"_links":{"self":[{"href":"https:\/\/informator.wbp.wroc.pl\/info\/wp-json\/wp\/v2\/posts\/2267"}],"collection":[{"href":"https:\/\/informator.wbp.wroc.pl\/info\/wp-json\/wp\/v2\/posts"}],"about":[{"href":"https:\/\/informator.wbp.wroc.pl\/info\/wp-json\/wp\/v2\/types\/post"}],"author":[{"embeddable":true,"href":"https:\/\/informator.wbp.wroc.pl\/info\/wp-json\/wp\/v2\/users\/3"}],"replies":[{"embeddable":true,"href":"https:\/\/informator.wbp.wroc.pl\/info\/wp-json\/wp\/v2\/comments?post=2267"}],"version-history":[{"count":14,"href":"https:\/\/informator.wbp.wroc.pl\/info\/wp-json\/wp\/v2\/posts\/2267\/revisions"}],"predecessor-version":[{"id":10230,"href":"https:\/\/informator.wbp.wroc.pl\/info\/wp-json\/wp\/v2\/posts\/2267\/revisions\/10230"}],"wp:attachment":[{"href":"https:\/\/informator.wbp.wroc.pl\/info\/wp-json\/wp\/v2\/media?parent=2267"}],"wp:term":[{"taxonomy":"category","embeddable":true,"href":"https:\/\/informator.wbp.wroc.pl\/info\/wp-json\/wp\/v2\/categories?post=2267"},{"taxonomy":"post_tag","embeddable":true,"href":"https:\/\/informator.wbp.wroc.pl\/info\/wp-json\/wp\/v2\/tags?post=2267"}],"curies":[{"name":"wp","href":"https:\/\/api.w.org\/{rel}","templated":true}]}}