{"id":1045,"date":"2014-07-21T10:47:56","date_gmt":"2014-07-21T08:47:56","guid":{"rendered":"http:\/\/informator.wbp.wroc.pl\/info\/\/?p=1045"},"modified":"2026-03-20T13:46:18","modified_gmt":"2026-03-20T12:46:18","slug":"radkow","status":"publish","type":"post","link":"https:\/\/informator.wbp.wroc.pl\/info\/radkow\/","title":{"rendered":"Radk\u00f3w"},"content":{"rendered":"<p><strong><a href=\"http:\/\/informator.wbp.wroc.pl\/info\/\/wp-content\/uploads\/2014\/07\/logo_Radkow.jpg\"><img loading=\"lazy\" decoding=\"async\" class=\"alignright wp-image-1057\" src=\"http:\/\/informator.wbp.wroc.pl\/info\/\/wp-content\/uploads\/2014\/07\/logo_Radkow-274x300.jpg\" alt=\"logo_Radkow\" width=\"125\" height=\"137\" srcset=\"https:\/\/informator.wbp.wroc.pl\/info\/wp-content\/uploads\/2014\/07\/logo_Radkow-274x300.jpg 274w, https:\/\/informator.wbp.wroc.pl\/info\/wp-content\/uploads\/2014\/07\/logo_Radkow-73x80.jpg 73w, https:\/\/informator.wbp.wroc.pl\/info\/wp-content\/uploads\/2014\/07\/logo_Radkow.jpg 771w\" sizes=\"(max-width: 125px) 100vw, 125px\" \/><\/a>BIBLIOTEKA PUBLICZNA MIASTA<br \/>\nI GMINY&nbsp;IM. KAROLA ESTREICHERA<\/strong><br \/>\n57-420 <strong>RADK\u00d3W<\/strong>, ul. Rynek 7, pow. k\u0142odzki<\/p>\n<p><strong>Telefon:<\/strong> 74\/ 871 21 18<br \/>\n<strong>Tel.\/Fax:<\/strong> 74\/ 813 67 11<br \/>\n<strong>E-mail:<\/strong> <a href=\"javascript:DeCryptX('0k1v2u1j1b2m3l3h2y0i1d1{0@3e3l1c0l3l0o2v3h1l3d2\/3u0a1e1l3r0w201f0u')\">kusiakiewicz@biblioteka-radkow.eu<\/a>, <a href=\"javascript:DeCryptX('3j1m1p1x2p2c3C1c2k0b0l0i3r1u1f3n0a303u0a2f3n3r2y0.0e3x')\">glowna@biblioteka-radkow.eu<\/a><br \/>\n<strong>Strona www:<\/strong> <a href=\"http:\/\/www.biblioteka-radkow.eu\/\" target=\"_blank\" rel=\"noopener noreferrer\">www.biblioteka-radkow.eu<\/a><\/p>\n<p><a href=\"https:\/\/www.facebook.com\/biblioteka.radkow\"><img loading=\"lazy\" decoding=\"async\" class=\"alignnone wp-image-345\" src=\"http:\/\/informator.wbp.wroc.pl\/info\/\/wp-content\/uploads\/2014\/06\/FB.jpg\" alt=\"FB\" width=\"40\" height=\"38\" srcset=\"https:\/\/informator.wbp.wroc.pl\/info\/wp-content\/uploads\/2014\/06\/FB.jpg 193w, https:\/\/informator.wbp.wroc.pl\/info\/wp-content\/uploads\/2014\/06\/FB-80x75.jpg 80w\" sizes=\"(max-width: 40px) 100vw, 40px\" \/><\/a><\/p>\n<hr \/>\n<p><strong>Rok za\u0142o\u017cenia biblioteki:<\/strong> 1949<br \/>\n<strong>Status biblioteki:<\/strong> biblioteka gminy miejsko-wiejskiej<br \/>\n<strong>Dyrektor:<\/strong>&nbsp;Anna J\u00f3zef\u00f3w<\/p>\n<p><strong>System biblioteczny:<\/strong> MAK+<\/p>\n<p><strong>Filie:<\/strong><br \/>\n<a href=\"http:\/\/informator.wbp.wroc.pl\/info\/wambierzyce-2\/\">Nr 1: Wambierzyce<\/a><br \/>\n<a title=\"\u015acinawka Dolna\" href=\"http:\/\/informator.wbp.wroc.pl\/info\/\/scinawka-dolna\/\">Nr 2: \u015acinawka Dolna<\/a><br \/>\n<a title=\"\u015acinawka G\u00f3rna\" href=\"http:\/\/informator.wbp.wroc.pl\/info\/\/scinawka-gorna\/\">Nr 3: \u015acinawka G\u00f3rna<\/a><br \/>\n<a title=\"\u015acinawka \u015arednia\" href=\"http:\/\/informator.wbp.wroc.pl\/info\/\/scinawka-srednia\/\">Nr 4: \u015acinawka \u015arednia<\/a><\/p>\n<p>&nbsp;<\/p>\n<p><!-- index.php -->\n<div\n\tclass=\"ngg-galleryoverview\n\t\t\"\n\tid=\"ngg-gallery-057503ffe7faee1e920079814a9df85b-1\">\n\n\t\t\t<!-- Thumbnails -->\n\t\t\t\t<div id=\"ngg-image-0\" class=\"ngg-gallery-thumbnail-box\" \n\t\t\t\t\t\t\t\t\t\t\t>\n\t\t\t\t\t\t<div class=\"ngg-gallery-thumbnail\">\n\t\t\t<a href=\"https:\/\/informator.wbp.wroc.pl\/info\/wp-content\/gallery\/radkow\/Radkow_01.JPG\"\n\t\t\t\ttitle=\"\"\n\t\t\t\tdata-src=\"https:\/\/informator.wbp.wroc.pl\/info\/wp-content\/gallery\/radkow\/Radkow_01.JPG\"\n\t\t\t\tdata-thumbnail=\"https:\/\/informator.wbp.wroc.pl\/info\/wp-content\/gallery\/radkow\/thumbs\/thumbs_Radkow_01.JPG\"\n\t\t\t\tdata-image-id=\"178\"\n\t\t\t\tdata-title=\"Radkow_01\"\n\t\t\t\tdata-description=\"\"\n\t\t\t\tdata-image-slug=\"radkow_01\"\n\t\t\t\tclass=\"ngg-fancybox\" rel=\"057503ffe7faee1e920079814a9df85b\">\n\t\t\t\t<img\n\t\t\t\t\ttitle=\"Radkow_01\"\n\t\t\t\t\talt=\"Radkow_01\"\n\t\t\t\t\tsrc=\"https:\/\/informator.wbp.wroc.pl\/info\/wp-content\/gallery\/radkow\/thumbs\/thumbs_Radkow_01.JPG\"\n\t\t\t\t\twidth=\"120\"\n\t\t\t\t\theight=\"90\"\n\t\t\t\t\tstyle=\"max-width:100%;\"\n\t\t\t\t\/>\n\t\t\t<\/a>\n\t\t<\/div>\n\t\t\t\t\t\t\t<\/div> \n\t\t\t\n\t\t\n\t\t\t\t<div id=\"ngg-image-1\" class=\"ngg-gallery-thumbnail-box\" \n\t\t\t\t\t\t\t\t\t\t\t>\n\t\t\t\t\t\t<div class=\"ngg-gallery-thumbnail\">\n\t\t\t<a href=\"https:\/\/informator.wbp.wroc.pl\/info\/wp-content\/gallery\/radkow\/Radkow_02.JPG\"\n\t\t\t\ttitle=\" \"\n\t\t\t\tdata-src=\"https:\/\/informator.wbp.wroc.pl\/info\/wp-content\/gallery\/radkow\/Radkow_02.JPG\"\n\t\t\t\tdata-thumbnail=\"https:\/\/informator.wbp.wroc.pl\/info\/wp-content\/gallery\/radkow\/thumbs\/thumbs_Radkow_02.JPG\"\n\t\t\t\tdata-image-id=\"179\"\n\t\t\t\tdata-title=\"Radkow_02\"\n\t\t\t\tdata-description=\" \"\n\t\t\t\tdata-image-slug=\"radkow_02\"\n\t\t\t\tclass=\"ngg-fancybox\" rel=\"057503ffe7faee1e920079814a9df85b\">\n\t\t\t\t<img\n\t\t\t\t\ttitle=\"Radkow_02\"\n\t\t\t\t\talt=\"Radkow_02\"\n\t\t\t\t\tsrc=\"https:\/\/informator.wbp.wroc.pl\/info\/wp-content\/gallery\/radkow\/thumbs\/thumbs_Radkow_02.JPG\"\n\t\t\t\t\twidth=\"120\"\n\t\t\t\t\theight=\"90\"\n\t\t\t\t\tstyle=\"max-width:100%;\"\n\t\t\t\t\/>\n\t\t\t<\/a>\n\t\t<\/div>\n\t\t\t\t\t\t\t<\/div> \n\t\t\t\n\t\t\n\t\t\t\t<div id=\"ngg-image-2\" class=\"ngg-gallery-thumbnail-box\" \n\t\t\t\t\t\t\t\t\t\t\t>\n\t\t\t\t\t\t<div class=\"ngg-gallery-thumbnail\">\n\t\t\t<a href=\"https:\/\/informator.wbp.wroc.pl\/info\/wp-content\/gallery\/radkow\/Radkow_03.JPG\"\n\t\t\t\ttitle=\" \"\n\t\t\t\tdata-src=\"https:\/\/informator.wbp.wroc.pl\/info\/wp-content\/gallery\/radkow\/Radkow_03.JPG\"\n\t\t\t\tdata-thumbnail=\"https:\/\/informator.wbp.wroc.pl\/info\/wp-content\/gallery\/radkow\/thumbs\/thumbs_Radkow_03.JPG\"\n\t\t\t\tdata-image-id=\"180\"\n\t\t\t\tdata-title=\"Radkow_03\"\n\t\t\t\tdata-description=\" \"\n\t\t\t\tdata-image-slug=\"radkow_03\"\n\t\t\t\tclass=\"ngg-fancybox\" rel=\"057503ffe7faee1e920079814a9df85b\">\n\t\t\t\t<img\n\t\t\t\t\ttitle=\"Radkow_03\"\n\t\t\t\t\talt=\"Radkow_03\"\n\t\t\t\t\tsrc=\"https:\/\/informator.wbp.wroc.pl\/info\/wp-content\/gallery\/radkow\/thumbs\/thumbs_Radkow_03.JPG\"\n\t\t\t\t\twidth=\"120\"\n\t\t\t\t\theight=\"90\"\n\t\t\t\t\tstyle=\"max-width:100%;\"\n\t\t\t\t\/>\n\t\t\t<\/a>\n\t\t<\/div>\n\t\t\t\t\t\t\t<\/div> \n\t\t\t\n\t\t\n\t\t\n\t\t<!-- Pagination -->\n\t\t<div class='ngg-clear'><\/div>\t<\/div>\n<\/p>\n","protected":false},"excerpt":{"rendered":"<p>BIBLIOTEKA PUBLICZNA MIASTA I GMINY&nbsp;IM. KAROLA ESTREICHERA 57-420 RADK\u00d3W, ul. Rynek 7, pow. k\u0142odzki Telefon: 74\/ 871 21 18 Tel.\/Fax: 74\/ 813 67 11 E-mail: <a href=\"javascript:DeCryptX('1l0u0s2k1b2m1j2g2y0i2e2|0@2d0i1c2n3l3r0t0e2m1b0-0r2c0d1l3r3z313h0u')\">kusiakiewicz@biblioteka-radkow.eu<\/a>, <a href=\"javascript:DeCryptX('0g3o1p0w3q0a1A2d3l1c1m1j0o0t1f2m0a300r0a2f1l3r0w200e2w')\">glowna@biblioteka-radkow.eu<\/a> Strona www: www.biblioteka-radkow.eu Rok za\u0142o\u017cenia biblioteki: 1949 Status biblioteki: biblioteka gminy miejsko-wiejskiej Dyrektor:&nbsp;Anna J\u00f3zef\u00f3w System biblioteczny: MAK+ Filie: Nr 1: Wambierzyce Nr 2: \u015acinawka Dolna Nr 3: \u015acinawka &hellip; <a href=\"https:\/\/informator.wbp.wroc.pl\/info\/radkow\/\" class=\"more-link\">Czytaj dalej <span class=\"screen-reader-text\">Radk\u00f3w<\/span> <span class=\"meta-nav\">&rarr;<\/span><\/a><\/p>\n","protected":false},"author":3,"featured_media":0,"comment_status":"closed","ping_status":"closed","sticky":false,"template":"","format":"standard","meta":{"ngg_post_thumbnail":0,"footnotes":""},"categories":[11,44],"tags":[],"_links":{"self":[{"href":"https:\/\/informator.wbp.wroc.pl\/info\/wp-json\/wp\/v2\/posts\/1045"}],"collection":[{"href":"https:\/\/informator.wbp.wroc.pl\/info\/wp-json\/wp\/v2\/posts"}],"about":[{"href":"https:\/\/informator.wbp.wroc.pl\/info\/wp-json\/wp\/v2\/types\/post"}],"author":[{"embeddable":true,"href":"https:\/\/informator.wbp.wroc.pl\/info\/wp-json\/wp\/v2\/users\/3"}],"replies":[{"embeddable":true,"href":"https:\/\/informator.wbp.wroc.pl\/info\/wp-json\/wp\/v2\/comments?post=1045"}],"version-history":[{"count":17,"href":"https:\/\/informator.wbp.wroc.pl\/info\/wp-json\/wp\/v2\/posts\/1045\/revisions"}],"predecessor-version":[{"id":10360,"href":"https:\/\/informator.wbp.wroc.pl\/info\/wp-json\/wp\/v2\/posts\/1045\/revisions\/10360"}],"wp:attachment":[{"href":"https:\/\/informator.wbp.wroc.pl\/info\/wp-json\/wp\/v2\/media?parent=1045"}],"wp:term":[{"taxonomy":"category","embeddable":true,"href":"https:\/\/informator.wbp.wroc.pl\/info\/wp-json\/wp\/v2\/categories?post=1045"},{"taxonomy":"post_tag","embeddable":true,"href":"https:\/\/informator.wbp.wroc.pl\/info\/wp-json\/wp\/v2\/tags?post=1045"}],"curies":[{"name":"wp","href":"https:\/\/api.w.org\/{rel}","templated":true}]}}